{"id":6113,"date":"2026-03-26T10:32:31","date_gmt":"2026-03-26T09:32:31","guid":{"rendered":"https:\/\/espacial.sevilla.org\/?p=6113"},"modified":"2026-03-26T11:28:47","modified_gmt":"2026-03-26T10:28:47","slug":"cordoba-born-astronaut-marilo-torres-leads-an-analog-space-mission-in-the-utah-desert","status":"publish","type":"post","link":"https:\/\/espacial.sevilla.org\/en\/news\/cordoba-born-astronaut-marilo-torres-leads-an-analog-space-mission-in-the-utah-desert\/","title":{"rendered":"C\u00f3rdoba-born astronaut Maril\u00f3 Torres leads an analog space mission in the Utah desert"},"content":{"rendered":"<p>C\u00f3rdoba-born pilot and commercial astronaut candidate Maril\u00f3 Torres has completed her sixth analog space mission, this time at the Mars Desert Research Station in the Utah desert, USA. On the scientific mission Crew 328, she was accompanied by an American aerospace engineer, a Canadian professor, an Indian researcher, and a Brazilian astrobiologist.<\/p>\n<p>According to Torres, \u201calthough two Hypatia missions composed entirely of Spanish female scientists have already taken place at these facilities, and the Granadan biotechnologist Alba S\u00e1nchez has also participated, this is the first time that a Spanish woman holds the rank of commander in charge of an international mission including men and women from multiple continents.\u201d<\/p>\n<p>Analog missions are simulations carried out in Earth-based scenarios and environments that faithfully reproduce the conditions of Mars or the Moon, aiming to test technology, perform experiments, and conduct studies and research that contribute to improving the safety and quality of life of space travelers.<\/p>\n<p>For two weeks, this team of five specialists recreated a stay on the Red Planet, living in isolation and cut off from the outside world, following the same routines, procedures, and constraints as actual astronauts.<\/p>\n<p>In addition to performing extravehicular activities for reconnaissance, terrain exploration, and rock and mineral sample collection, among many other tasks, the crew cultivated tomato and radish seeds in simulated Martian soil that had been exposed to radiation and microgravity on the International Space Station.<\/p>\n<p>They also tested on their own bodies a product designed to care for and preserve the skin of people who spend long periods in space, while collaborating on an analysis of behavioral strategies for coping with long-duration space exploration, aimed at NASA.<\/p>\n<p>With this analog mission now completed, Torres begins her theoretical training and preparation as a private astronaut candidate for the American aerospace company Titans Space Industries.<\/p>\n<p>Source: <a href=\"https:\/\/www.abc.es\/espana\/andalucia\/cordoba\/astronauta-cordobesa-marilo-torres-lidera-mision-espacial-20260322140529-nts.html\">ABC C\u00f3rdoba<\/a><\/p>\n","protected":false},"excerpt":{"rendered":"<p>C\u00f3rdoba-born pilot and commercial astronaut candidate Maril\u00f3 Torres has completed her sixth analog space mission, this time at the Mars Desert Research Station in the Utah desert, USA. On the <a href=\"https:\/\/espacial.sevilla.org\/en\/news\/cordoba-born-astronaut-marilo-torres-leads-an-analog-space-mission-in-the-utah-desert\/\"> [&#8230;]<\/a><\/p>\n","protected":false},"author":11,"featured_media":6112,"comment_status":"closed","ping_status":"closed","sticky":false,"template":"","format":"standard","meta":{"_acf_changed":false,"footnotes":""},"categories":[109],"tags":[],"class_list":["post-6113","post","type-post","status-publish","format-standard","has-post-thumbnail","hentry","category-news"],"acf":[],"yoast_head":"<!-- This site is optimized with the Yoast SEO plugin v27.5 - https:\/\/yoast.com\/product\/yoast-seo-wordpress\/ -->\n<title>C\u00f3rdoba-born astronaut Maril\u00f3 Torres leads an analog space mission in the Utah desert | Seville | Spain&#039;s Space Capital<\/title>\n<meta name=\"robots\" content=\"index, follow, max-snippet:-1, max-image-preview:large, max-video-preview:-1\" \/>\n<link rel=\"canonical\" href=\"https:\/\/espacial.sevilla.org\/en\/news\/cordoba-born-astronaut-marilo-torres-leads-an-analog-space-mission-in-the-utah-desert\/\" \/>\n<meta property=\"og:locale\" content=\"en_US\" \/>\n<meta property=\"og:type\" content=\"article\" \/>\n<meta property=\"og:title\" content=\"C\u00f3rdoba-born astronaut Maril\u00f3 Torres leads an analog space mission in the Utah desert | Seville | Spain&#039;s Space Capital\" \/>\n<meta property=\"og:description\" content=\"C\u00f3rdoba-born pilot and commercial astronaut candidate Maril\u00f3 Torres has completed her sixth analog space mission, this time at the Mars Desert Research Station in the Utah desert, USA. On the [...]\" \/>\n<meta property=\"og:url\" content=\"https:\/\/espacial.sevilla.org\/en\/news\/cordoba-born-astronaut-marilo-torres-leads-an-analog-space-mission-in-the-utah-desert\/\" \/>\n<meta property=\"og:site_name\" content=\"Seville | Spain&#039;s Space Capital\" \/>\n<meta property=\"article:publisher\" content=\"https:\/\/www.facebook.com\/SevillaCapitalEspacialEspanola\" \/>\n<meta property=\"article:published_time\" content=\"2026-03-26T09:32:31+00:00\" \/>\n<meta property=\"article:modified_time\" content=\"2026-03-26T10:28:47+00:00\" \/>\n<meta property=\"og:image\" content=\"https:\/\/espacial.sevilla.org\/wp-content\/uploads\/astronauta-marte-cordoba-k2d-U201337965871wmD-758x531@diario_abc.webp\" \/>\n\t<meta property=\"og:image:width\" content=\"758\" \/>\n\t<meta property=\"og:image:height\" content=\"531\" \/>\n\t<meta property=\"og:image:type\" content=\"image\/webp\" \/>\n<meta name=\"author\" content=\"Ana P\u00e9rez\" \/>\n<meta name=\"twitter:card\" content=\"summary_large_image\" \/>\n<meta name=\"twitter:creator\" content=\"@EspacialSevilla\" \/>\n<meta name=\"twitter:site\" content=\"@EspacialSevilla\" \/>\n<meta name=\"twitter:label1\" content=\"Written by\" \/>\n\t<meta name=\"twitter:data1\" content=\"Ana P\u00e9rez\" \/>\n<script type=\"application\/ld+json\" class=\"yoast-schema-graph\">{\"@context\":\"https:\\\/\\\/schema.org\",\"@graph\":[{\"@type\":\"Article\",\"@id\":\"https:\\\/\\\/espacial.sevilla.org\\\/en\\\/news\\\/cordoba-born-astronaut-marilo-torres-leads-an-analog-space-mission-in-the-utah-desert\\\/#article\",\"isPartOf\":{\"@id\":\"https:\\\/\\\/espacial.sevilla.org\\\/en\\\/news\\\/cordoba-born-astronaut-marilo-torres-leads-an-analog-space-mission-in-the-utah-desert\\\/\"},\"author\":{\"name\":\"Ana P\u00e9rez\",\"@id\":\"https:\\\/\\\/espacial.sevilla.org\\\/en\\\/#\\\/schema\\\/person\\\/5a2bc6610b53326252a93b9db7608de0\"},\"headline\":\"C\u00f3rdoba-born astronaut Maril\u00f3 Torres leads an analog space mission in the Utah desert\",\"datePublished\":\"2026-03-26T09:32:31+00:00\",\"dateModified\":\"2026-03-26T10:28:47+00:00\",\"mainEntityOfPage\":{\"@id\":\"https:\\\/\\\/espacial.sevilla.org\\\/en\\\/news\\\/cordoba-born-astronaut-marilo-torres-leads-an-analog-space-mission-in-the-utah-desert\\\/\"},\"wordCount\":319,\"publisher\":{\"@id\":\"https:\\\/\\\/espacial.sevilla.org\\\/en\\\/#organization\"},\"image\":{\"@id\":\"https:\\\/\\\/espacial.sevilla.org\\\/en\\\/news\\\/cordoba-born-astronaut-marilo-torres-leads-an-analog-space-mission-in-the-utah-desert\\\/#primaryimage\"},\"thumbnailUrl\":\"https:\\\/\\\/espacial.sevilla.org\\\/wp-content\\\/uploads\\\/astronauta-marte-cordoba-k2d-U201337965871wmD-758x531@diario_abc.webp\",\"articleSection\":[\"News\"],\"inLanguage\":\"en-US\"},{\"@type\":\"WebPage\",\"@id\":\"https:\\\/\\\/espacial.sevilla.org\\\/en\\\/news\\\/cordoba-born-astronaut-marilo-torres-leads-an-analog-space-mission-in-the-utah-desert\\\/\",\"url\":\"https:\\\/\\\/espacial.sevilla.org\\\/en\\\/news\\\/cordoba-born-astronaut-marilo-torres-leads-an-analog-space-mission-in-the-utah-desert\\\/\",\"name\":\"C\u00f3rdoba-born astronaut Maril\u00f3 Torres leads an analog space mission in the Utah desert | Seville | Spain&#039;s Space Capital\",\"isPartOf\":{\"@id\":\"https:\\\/\\\/espacial.sevilla.org\\\/en\\\/#website\"},\"primaryImageOfPage\":{\"@id\":\"https:\\\/\\\/espacial.sevilla.org\\\/en\\\/news\\\/cordoba-born-astronaut-marilo-torres-leads-an-analog-space-mission-in-the-utah-desert\\\/#primaryimage\"},\"image\":{\"@id\":\"https:\\\/\\\/espacial.sevilla.org\\\/en\\\/news\\\/cordoba-born-astronaut-marilo-torres-leads-an-analog-space-mission-in-the-utah-desert\\\/#primaryimage\"},\"thumbnailUrl\":\"https:\\\/\\\/espacial.sevilla.org\\\/wp-content\\\/uploads\\\/astronauta-marte-cordoba-k2d-U201337965871wmD-758x531@diario_abc.webp\",\"datePublished\":\"2026-03-26T09:32:31+00:00\",\"dateModified\":\"2026-03-26T10:28:47+00:00\",\"breadcrumb\":{\"@id\":\"https:\\\/\\\/espacial.sevilla.org\\\/en\\\/news\\\/cordoba-born-astronaut-marilo-torres-leads-an-analog-space-mission-in-the-utah-desert\\\/#breadcrumb\"},\"inLanguage\":\"en-US\",\"potentialAction\":[{\"@type\":\"ReadAction\",\"target\":[\"https:\\\/\\\/espacial.sevilla.org\\\/en\\\/news\\\/cordoba-born-astronaut-marilo-torres-leads-an-analog-space-mission-in-the-utah-desert\\\/\"]}]},{\"@type\":\"ImageObject\",\"inLanguage\":\"en-US\",\"@id\":\"https:\\\/\\\/espacial.sevilla.org\\\/en\\\/news\\\/cordoba-born-astronaut-marilo-torres-leads-an-analog-space-mission-in-the-utah-desert\\\/#primaryimage\",\"url\":\"https:\\\/\\\/espacial.sevilla.org\\\/wp-content\\\/uploads\\\/astronauta-marte-cordoba-k2d-U201337965871wmD-758x531@diario_abc.webp\",\"contentUrl\":\"https:\\\/\\\/espacial.sevilla.org\\\/wp-content\\\/uploads\\\/astronauta-marte-cordoba-k2d-U201337965871wmD-758x531@diario_abc.webp\",\"width\":758,\"height\":531},{\"@type\":\"BreadcrumbList\",\"@id\":\"https:\\\/\\\/espacial.sevilla.org\\\/en\\\/news\\\/cordoba-born-astronaut-marilo-torres-leads-an-analog-space-mission-in-the-utah-desert\\\/#breadcrumb\",\"itemListElement\":[{\"@type\":\"ListItem\",\"position\":1,\"name\":\"Portada\",\"item\":\"https:\\\/\\\/espacial.sevilla.org\\\/en\\\/\"},{\"@type\":\"ListItem\",\"position\":2,\"name\":\"C\u00f3rdoba-born astronaut Maril\u00f3 Torres leads an analog space mission in the Utah desert\"}]},{\"@type\":\"WebSite\",\"@id\":\"https:\\\/\\\/espacial.sevilla.org\\\/en\\\/#website\",\"url\":\"https:\\\/\\\/espacial.sevilla.org\\\/en\\\/\",\"name\":\"Sevilla Capital Espacial Espa\u00f1ola\",\"description\":\"Seville City Council project to strengthen the city&#039;s position as a leader in the aerospace sector.\",\"publisher\":{\"@id\":\"https:\\\/\\\/espacial.sevilla.org\\\/en\\\/#organization\"},\"potentialAction\":[{\"@type\":\"SearchAction\",\"target\":{\"@type\":\"EntryPoint\",\"urlTemplate\":\"https:\\\/\\\/espacial.sevilla.org\\\/en\\\/?s={search_term_string}\"},\"query-input\":{\"@type\":\"PropertyValueSpecification\",\"valueRequired\":true,\"valueName\":\"search_term_string\"}}],\"inLanguage\":\"en-US\"},{\"@type\":\"Organization\",\"@id\":\"https:\\\/\\\/espacial.sevilla.org\\\/en\\\/#organization\",\"name\":\"Sevilla Capital Espacial Espa\u00f1ola\",\"url\":\"https:\\\/\\\/espacial.sevilla.org\\\/en\\\/\",\"logo\":{\"@type\":\"ImageObject\",\"inLanguage\":\"en-US\",\"@id\":\"https:\\\/\\\/espacial.sevilla.org\\\/en\\\/#\\\/schema\\\/logo\\\/image\\\/\",\"url\":\"https:\\\/\\\/espacial.sevilla.org\\\/wp-content\\\/uploads\\\/Proyecto-Sevilla-Capital-Espacial-Espanola.png\",\"contentUrl\":\"https:\\\/\\\/espacial.sevilla.org\\\/wp-content\\\/uploads\\\/Proyecto-Sevilla-Capital-Espacial-Espanola.png\",\"width\":1024,\"height\":576,\"caption\":\"Sevilla Capital Espacial Espa\u00f1ola\"},\"image\":{\"@id\":\"https:\\\/\\\/espacial.sevilla.org\\\/en\\\/#\\\/schema\\\/logo\\\/image\\\/\"},\"sameAs\":[\"https:\\\/\\\/www.facebook.com\\\/SevillaCapitalEspacialEspanola\",\"https:\\\/\\\/x.com\\\/EspacialSevilla\",\"https:\\\/\\\/www.linkedin.com\\\/company\\\/sevilla-capital-espacial-espanola\\\/\"]},{\"@type\":\"Person\",\"@id\":\"https:\\\/\\\/espacial.sevilla.org\\\/en\\\/#\\\/schema\\\/person\\\/5a2bc6610b53326252a93b9db7608de0\",\"name\":\"Ana P\u00e9rez\",\"image\":{\"@type\":\"ImageObject\",\"inLanguage\":\"en-US\",\"@id\":\"https:\\\/\\\/secure.gravatar.com\\\/avatar\\\/22526cc81478cc85c834e9211123b12869ebbd7cc692a28c748f0b050323c0ad?s=96&d=mm&r=g\",\"url\":\"https:\\\/\\\/secure.gravatar.com\\\/avatar\\\/22526cc81478cc85c834e9211123b12869ebbd7cc692a28c748f0b050323c0ad?s=96&d=mm&r=g\",\"contentUrl\":\"https:\\\/\\\/secure.gravatar.com\\\/avatar\\\/22526cc81478cc85c834e9211123b12869ebbd7cc692a28c748f0b050323c0ad?s=96&d=mm&r=g\",\"caption\":\"Ana P\u00e9rez\"}}]}<\/script>\n<!-- \/ Yoast SEO plugin. -->","yoast_head_json":{"title":"C\u00f3rdoba-born astronaut Maril\u00f3 Torres leads an analog space mission in the Utah desert | Seville | Spain&#039;s Space Capital","robots":{"index":"index","follow":"follow","max-snippet":"max-snippet:-1","max-image-preview":"max-image-preview:large","max-video-preview":"max-video-preview:-1"},"canonical":"https:\/\/espacial.sevilla.org\/en\/news\/cordoba-born-astronaut-marilo-torres-leads-an-analog-space-mission-in-the-utah-desert\/","og_locale":"en_US","og_type":"article","og_title":"C\u00f3rdoba-born astronaut Maril\u00f3 Torres leads an analog space mission in the Utah desert | Seville | Spain&#039;s Space Capital","og_description":"C\u00f3rdoba-born pilot and commercial astronaut candidate Maril\u00f3 Torres has completed her sixth analog space mission, this time at the Mars Desert Research Station in the Utah desert, USA. On the [...]","og_url":"https:\/\/espacial.sevilla.org\/en\/news\/cordoba-born-astronaut-marilo-torres-leads-an-analog-space-mission-in-the-utah-desert\/","og_site_name":"Seville | Spain&#039;s Space Capital","article_publisher":"https:\/\/www.facebook.com\/SevillaCapitalEspacialEspanola","article_published_time":"2026-03-26T09:32:31+00:00","article_modified_time":"2026-03-26T10:28:47+00:00","og_image":[{"width":758,"height":531,"url":"https:\/\/espacial.sevilla.org\/wp-content\/uploads\/astronauta-marte-cordoba-k2d-U201337965871wmD-758x531@diario_abc.webp","type":"image\/webp"}],"author":"Ana P\u00e9rez","twitter_card":"summary_large_image","twitter_creator":"@EspacialSevilla","twitter_site":"@EspacialSevilla","twitter_misc":{"Written by":"Ana P\u00e9rez"},"schema":{"@context":"https:\/\/schema.org","@graph":[{"@type":"Article","@id":"https:\/\/espacial.sevilla.org\/en\/news\/cordoba-born-astronaut-marilo-torres-leads-an-analog-space-mission-in-the-utah-desert\/#article","isPartOf":{"@id":"https:\/\/espacial.sevilla.org\/en\/news\/cordoba-born-astronaut-marilo-torres-leads-an-analog-space-mission-in-the-utah-desert\/"},"author":{"name":"Ana P\u00e9rez","@id":"https:\/\/espacial.sevilla.org\/en\/#\/schema\/person\/5a2bc6610b53326252a93b9db7608de0"},"headline":"C\u00f3rdoba-born astronaut Maril\u00f3 Torres leads an analog space mission in the Utah desert","datePublished":"2026-03-26T09:32:31+00:00","dateModified":"2026-03-26T10:28:47+00:00","mainEntityOfPage":{"@id":"https:\/\/espacial.sevilla.org\/en\/news\/cordoba-born-astronaut-marilo-torres-leads-an-analog-space-mission-in-the-utah-desert\/"},"wordCount":319,"publisher":{"@id":"https:\/\/espacial.sevilla.org\/en\/#organization"},"image":{"@id":"https:\/\/espacial.sevilla.org\/en\/news\/cordoba-born-astronaut-marilo-torres-leads-an-analog-space-mission-in-the-utah-desert\/#primaryimage"},"thumbnailUrl":"https:\/\/espacial.sevilla.org\/wp-content\/uploads\/astronauta-marte-cordoba-k2d-U201337965871wmD-758x531@diario_abc.webp","articleSection":["News"],"inLanguage":"en-US"},{"@type":"WebPage","@id":"https:\/\/espacial.sevilla.org\/en\/news\/cordoba-born-astronaut-marilo-torres-leads-an-analog-space-mission-in-the-utah-desert\/","url":"https:\/\/espacial.sevilla.org\/en\/news\/cordoba-born-astronaut-marilo-torres-leads-an-analog-space-mission-in-the-utah-desert\/","name":"C\u00f3rdoba-born astronaut Maril\u00f3 Torres leads an analog space mission in the Utah desert | Seville | Spain&#039;s Space Capital","isPartOf":{"@id":"https:\/\/espacial.sevilla.org\/en\/#website"},"primaryImageOfPage":{"@id":"https:\/\/espacial.sevilla.org\/en\/news\/cordoba-born-astronaut-marilo-torres-leads-an-analog-space-mission-in-the-utah-desert\/#primaryimage"},"image":{"@id":"https:\/\/espacial.sevilla.org\/en\/news\/cordoba-born-astronaut-marilo-torres-leads-an-analog-space-mission-in-the-utah-desert\/#primaryimage"},"thumbnailUrl":"https:\/\/espacial.sevilla.org\/wp-content\/uploads\/astronauta-marte-cordoba-k2d-U201337965871wmD-758x531@diario_abc.webp","datePublished":"2026-03-26T09:32:31+00:00","dateModified":"2026-03-26T10:28:47+00:00","breadcrumb":{"@id":"https:\/\/espacial.sevilla.org\/en\/news\/cordoba-born-astronaut-marilo-torres-leads-an-analog-space-mission-in-the-utah-desert\/#breadcrumb"},"inLanguage":"en-US","potentialAction":[{"@type":"ReadAction","target":["https:\/\/espacial.sevilla.org\/en\/news\/cordoba-born-astronaut-marilo-torres-leads-an-analog-space-mission-in-the-utah-desert\/"]}]},{"@type":"ImageObject","inLanguage":"en-US","@id":"https:\/\/espacial.sevilla.org\/en\/news\/cordoba-born-astronaut-marilo-torres-leads-an-analog-space-mission-in-the-utah-desert\/#primaryimage","url":"https:\/\/espacial.sevilla.org\/wp-content\/uploads\/astronauta-marte-cordoba-k2d-U201337965871wmD-758x531@diario_abc.webp","contentUrl":"https:\/\/espacial.sevilla.org\/wp-content\/uploads\/astronauta-marte-cordoba-k2d-U201337965871wmD-758x531@diario_abc.webp","width":758,"height":531},{"@type":"BreadcrumbList","@id":"https:\/\/espacial.sevilla.org\/en\/news\/cordoba-born-astronaut-marilo-torres-leads-an-analog-space-mission-in-the-utah-desert\/#breadcrumb","itemListElement":[{"@type":"ListItem","position":1,"name":"Portada","item":"https:\/\/espacial.sevilla.org\/en\/"},{"@type":"ListItem","position":2,"name":"C\u00f3rdoba-born astronaut Maril\u00f3 Torres leads an analog space mission in the Utah desert"}]},{"@type":"WebSite","@id":"https:\/\/espacial.sevilla.org\/en\/#website","url":"https:\/\/espacial.sevilla.org\/en\/","name":"Sevilla Capital Espacial Espa\u00f1ola","description":"Seville City Council project to strengthen the city&#039;s position as a leader in the aerospace sector.","publisher":{"@id":"https:\/\/espacial.sevilla.org\/en\/#organization"},"potentialAction":[{"@type":"SearchAction","target":{"@type":"EntryPoint","urlTemplate":"https:\/\/espacial.sevilla.org\/en\/?s={search_term_string}"},"query-input":{"@type":"PropertyValueSpecification","valueRequired":true,"valueName":"search_term_string"}}],"inLanguage":"en-US"},{"@type":"Organization","@id":"https:\/\/espacial.sevilla.org\/en\/#organization","name":"Sevilla Capital Espacial Espa\u00f1ola","url":"https:\/\/espacial.sevilla.org\/en\/","logo":{"@type":"ImageObject","inLanguage":"en-US","@id":"https:\/\/espacial.sevilla.org\/en\/#\/schema\/logo\/image\/","url":"https:\/\/espacial.sevilla.org\/wp-content\/uploads\/Proyecto-Sevilla-Capital-Espacial-Espanola.png","contentUrl":"https:\/\/espacial.sevilla.org\/wp-content\/uploads\/Proyecto-Sevilla-Capital-Espacial-Espanola.png","width":1024,"height":576,"caption":"Sevilla Capital Espacial Espa\u00f1ola"},"image":{"@id":"https:\/\/espacial.sevilla.org\/en\/#\/schema\/logo\/image\/"},"sameAs":["https:\/\/www.facebook.com\/SevillaCapitalEspacialEspanola","https:\/\/x.com\/EspacialSevilla","https:\/\/www.linkedin.com\/company\/sevilla-capital-espacial-espanola\/"]},{"@type":"Person","@id":"https:\/\/espacial.sevilla.org\/en\/#\/schema\/person\/5a2bc6610b53326252a93b9db7608de0","name":"Ana P\u00e9rez","image":{"@type":"ImageObject","inLanguage":"en-US","@id":"https:\/\/secure.gravatar.com\/avatar\/22526cc81478cc85c834e9211123b12869ebbd7cc692a28c748f0b050323c0ad?s=96&d=mm&r=g","url":"https:\/\/secure.gravatar.com\/avatar\/22526cc81478cc85c834e9211123b12869ebbd7cc692a28c748f0b050323c0ad?s=96&d=mm&r=g","contentUrl":"https:\/\/secure.gravatar.com\/avatar\/22526cc81478cc85c834e9211123b12869ebbd7cc692a28c748f0b050323c0ad?s=96&d=mm&r=g","caption":"Ana P\u00e9rez"}}]}},"_links":{"self":[{"href":"https:\/\/espacial.sevilla.org\/en\/wp-json\/wp\/v2\/posts\/6113","targetHints":{"allow":["GET"]}}],"collection":[{"href":"https:\/\/espacial.sevilla.org\/en\/wp-json\/wp\/v2\/posts"}],"about":[{"href":"https:\/\/espacial.sevilla.org\/en\/wp-json\/wp\/v2\/types\/post"}],"author":[{"embeddable":true,"href":"https:\/\/espacial.sevilla.org\/en\/wp-json\/wp\/v2\/users\/11"}],"replies":[{"embeddable":true,"href":"https:\/\/espacial.sevilla.org\/en\/wp-json\/wp\/v2\/comments?post=6113"}],"version-history":[{"count":1,"href":"https:\/\/espacial.sevilla.org\/en\/wp-json\/wp\/v2\/posts\/6113\/revisions"}],"predecessor-version":[{"id":6115,"href":"https:\/\/espacial.sevilla.org\/en\/wp-json\/wp\/v2\/posts\/6113\/revisions\/6115"}],"wp:featuredmedia":[{"embeddable":true,"href":"https:\/\/espacial.sevilla.org\/en\/wp-json\/wp\/v2\/media\/6112"}],"wp:attachment":[{"href":"https:\/\/espacial.sevilla.org\/en\/wp-json\/wp\/v2\/media?parent=6113"}],"wp:term":[{"taxonomy":"category","embeddable":true,"href":"https:\/\/espacial.sevilla.org\/en\/wp-json\/wp\/v2\/categories?post=6113"},{"taxonomy":"post_tag","embeddable":true,"href":"https:\/\/espacial.sevilla.org\/en\/wp-json\/wp\/v2\/tags?post=6113"}],"curies":[{"name":"wp","href":"https:\/\/api.w.org\/{rel}","templated":true}]}}